{"id":3909,"date":"2025-07-20T01:00:09","date_gmt":"2025-07-20T01:00:09","guid":{"rendered":"https:\/\/kirche-in-mayschoss.de\/?p=3909"},"modified":"2025-07-20T07:11:00","modified_gmt":"2025-07-20T07:11:00","slug":"offene-kirche-zum-flutgedenken-vom-14-07-2024","status":"publish","type":"post","link":"https:\/\/kirche-in-mayschoss.de\/?p=3909","title":{"rendered":"Offene Kirche zum Flutgedenken vom 14.07.2025"},"content":{"rendered":"<div class=\"wp-block-image\">\n<figure class=\"aligncenter size-large is-resized\"><img loading=\"lazy\" decoding=\"async\" width=\"768\" height=\"1024\" src=\"http:\/\/kirche-in-mayschoss.de\/wp-content\/uploads\/2024\/07\/2025-07-14-Offene-Kirche-Flutgedenken-2025-2-768x1024.jpeg\" alt=\"\" class=\"wp-image-4818\" style=\"width:413px;height:auto\" srcset=\"https:\/\/kirche-in-mayschoss.de\/wp-content\/uploads\/2024\/07\/2025-07-14-Offene-Kirche-Flutgedenken-2025-2-768x1024.jpeg 768w, https:\/\/kirche-in-mayschoss.de\/wp-content\/uploads\/2024\/07\/2025-07-14-Offene-Kirche-Flutgedenken-2025-2-225x300.jpeg 225w, https:\/\/kirche-in-mayschoss.de\/wp-content\/uploads\/2024\/07\/2025-07-14-Offene-Kirche-Flutgedenken-2025-2-1152x1536.jpeg 1152w, https:\/\/kirche-in-mayschoss.de\/wp-content\/uploads\/2024\/07\/2025-07-14-Offene-Kirche-Flutgedenken-2025-2-1536x2048.jpeg 1536w, https:\/\/kirche-in-mayschoss.de\/wp-content\/uploads\/2024\/07\/2025-07-14-Offene-Kirche-Flutgedenken-2025-2-scaled.jpeg 1920w\" sizes=\"auto, (max-width: 768px) 100vw, 768px\" \/><\/figure>\n<\/div>\n\n\n<p class=\"has-text-align-center has-normal-font-size\"><em>An manchen Tagen<br>f\u00fchl\u2018 ich mich stark f\u00fcr zwei.<br>Dann will ich gern f\u00fcr dich<br>zum Engel werden.<br><br>Dann lass mich<br>deine Sorgen mit dir tragen.<br>Ich will dich st\u00e4rken,<br>und dir Hoffnung geben.<br><br>An anderen Tagen<br>f\u00fchl\u2019 ich mich schwach und ohne Mut.<br>Dann \u2012 bitte \u2012 werde du f\u00fcr mich<br>zum Engel.<br><br>Dann h\u00f6re du mir zu<br>und trage mit mir meine Sorgen.<br>Dann nimm mich in den Arm<br>und gib mir Kraft und Mut.<\/em><\/p>\n\n\n\n<p class=\"has-text-align-center\" style=\"font-size:12px\"><em>(Gisela Baltes, www.impulstexte.de, In: Pfarrbriefservice.de)<\/em><\/p>\n\n\n<div class=\"wp-block-image\">\n<figure class=\"aligncenter size-large is-resized\"><img loading=\"lazy\" decoding=\"async\" width=\"1024\" height=\"960\" src=\"http:\/\/kirche-in-mayschoss.de\/wp-content\/uploads\/2024\/07\/2025-07-14-Offene-Kirche-Flutgedenken-2025-1-1024x960.jpeg\" alt=\"\" class=\"wp-image-4817\" style=\"width:378px;height:auto\" srcset=\"https:\/\/kirche-in-mayschoss.de\/wp-content\/uploads\/2024\/07\/2025-07-14-Offene-Kirche-Flutgedenken-2025-1-1024x960.jpeg 1024w, https:\/\/kirche-in-mayschoss.de\/wp-content\/uploads\/2024\/07\/2025-07-14-Offene-Kirche-Flutgedenken-2025-1-300x281.jpeg 300w, https:\/\/kirche-in-mayschoss.de\/wp-content\/uploads\/2024\/07\/2025-07-14-Offene-Kirche-Flutgedenken-2025-1-768x720.jpeg 768w, https:\/\/kirche-in-mayschoss.de\/wp-content\/uploads\/2024\/07\/2025-07-14-Offene-Kirche-Flutgedenken-2025-1-1536x1439.jpeg 1536w, https:\/\/kirche-in-mayschoss.de\/wp-content\/uploads\/2024\/07\/2025-07-14-Offene-Kirche-Flutgedenken-2025-1.jpeg 1655w\" sizes=\"auto, (max-width: 1024px) 100vw, 1024px\" \/><\/figure>\n<\/div>\n\n\n<p class=\"has-text-align-center has-normal-font-size\"><em><strong>Gedenken an die Opfer<\/strong><br><br>Beim Aufgang der Sonne und bei ihrem Untergang<br>erinnern wir uns an sie.<br><br>Beim Wehen des Windes und in der K\u00e4lte des Winters<br>erinnern wir uns an sie.<br><br>Beim \u00d6ffnen der Knospen und in der W\u00e4rme des Sommers<br>erinnern wir uns an sie.<br><br>Beim Rauschen der Bl\u00e4tter und in der Sch\u00f6nheit des Herbstes<br>erinnern wir uns an sie.<br><br>Zu Beginn des Jahres und wenn es zu Ende geht,<br>erinnern wir uns an sie.<br><br>Wenn wir m\u00fcde sind und Kraft brauchen,<br>erinnern wir uns an sie.<br><br>Wenn wir verloren sind und krank in unserem Herzen,<br>erinnern wir uns an sie.<br><br>Wenn wir Freude erleben, die wir so gern teilen w\u00fcrden,<br>erinnern wir uns an sie.<br><br>So lange wir leben, werden sie auch leben,<br>denn sie sind nun ein Teil von uns,<br>wenn wir uns an sie erinnern.<br><br>(J\u00fcdisches Gebet)<\/em><\/p>\n\n\n<div class=\"wp-block-image\">\n<figure class=\"aligncenter size-large is-resized\"><img loading=\"lazy\" decoding=\"async\" width=\"1024\" height=\"768\" src=\"http:\/\/kirche-in-mayschoss.de\/wp-content\/uploads\/2024\/07\/2025-07-14-Offene-Kirche-Flutgedenken-2025-3-1024x768.jpeg\" alt=\"\" class=\"wp-image-4819\" style=\"width:466px;height:auto\" srcset=\"https:\/\/kirche-in-mayschoss.de\/wp-content\/uploads\/2024\/07\/2025-07-14-Offene-Kirche-Flutgedenken-2025-3-1024x768.jpeg 1024w, https:\/\/kirche-in-mayschoss.de\/wp-content\/uploads\/2024\/07\/2025-07-14-Offene-Kirche-Flutgedenken-2025-3-300x225.jpeg 300w, https:\/\/kirche-in-mayschoss.de\/wp-content\/uploads\/2024\/07\/2025-07-14-Offene-Kirche-Flutgedenken-2025-3-768x576.jpeg 768w, https:\/\/kirche-in-mayschoss.de\/wp-content\/uploads\/2024\/07\/2025-07-14-Offene-Kirche-Flutgedenken-2025-3-1536x1152.jpeg 1536w, https:\/\/kirche-in-mayschoss.de\/wp-content\/uploads\/2024\/07\/2025-07-14-Offene-Kirche-Flutgedenken-2025-3-2048x1536.jpeg 2048w\" sizes=\"auto, (max-width: 1024px) 100vw, 1024px\" \/><\/figure>\n<\/div>","protected":false},"excerpt":{"rendered":"<p>An manchen Tagenf\u00fchl\u2018 ich mich stark f\u00fcr zwei.Dann will ich gern f\u00fcr dichzum Engel werden. Dann lass michdeine Sorgen mit dir tragen.Ich will dich st\u00e4rken,und dir Hoffnung geben. An anderen Tagenf\u00fchl\u2019 ich mich schwach und ohne Mut.Dann \u2012 bitte \u2012 werde du f\u00fcr michzum Engel. Dann h\u00f6re du mir zuund trage mit mir meine Sorgen.Dann nimm mich in den Armund gib mir Kraft und Mut. (Gisela Baltes, www.impulstexte.de, In: Pfarrbriefservice.de) Gedenken an die Opfer Beim Aufgang der Sonne und bei ihrem Untergangerinnern wir uns an sie. Beim Wehen des Windes und in der K\u00e4lte des Winterserinnern wir uns an sie. Beim \u00d6ffnen der Knospen und in der W\u00e4rme des Sommerserinnern wir uns an sie. Beim <a class=\"more-link\" href=\"https:\/\/kirche-in-mayschoss.de\/?p=3909\"><span class=\"screen-reader-text\">  Offene Kirche zum Flutgedenken vom 14.07.2025<\/span> weiterlesen<span class=\"meta-nav\">&rarr;<\/span><\/a><\/p>\n","protected":false},"author":1,"featured_media":0,"comment_status":"closed","ping_status":"closed","sticky":false,"template":"","format":"standard","meta":{"footnotes":""},"categories":[10],"tags":[],"class_list":["post-3909","post","type-post","status-publish","format-standard","hentry","category-aktuelles"],"_links":{"self":[{"href":"https:\/\/kirche-in-mayschoss.de\/index.php?rest_route=\/wp\/v2\/posts\/3909","targetHints":{"allow":["GET"]}}],"collection":[{"href":"https:\/\/kirche-in-mayschoss.de\/index.php?rest_route=\/wp\/v2\/posts"}],"about":[{"href":"https:\/\/kirche-in-mayschoss.de\/index.php?rest_route=\/wp\/v2\/types\/post"}],"author":[{"embeddable":true,"href":"https:\/\/kirche-in-mayschoss.de\/index.php?rest_route=\/wp\/v2\/users\/1"}],"replies":[{"embeddable":true,"href":"https:\/\/kirche-in-mayschoss.de\/index.php?rest_route=%2Fwp%2Fv2%2Fcomments&post=3909"}],"version-history":[{"count":5,"href":"https:\/\/kirche-in-mayschoss.de\/index.php?rest_route=\/wp\/v2\/posts\/3909\/revisions"}],"predecessor-version":[{"id":4823,"href":"https:\/\/kirche-in-mayschoss.de\/index.php?rest_route=\/wp\/v2\/posts\/3909\/revisions\/4823"}],"wp:attachment":[{"href":"https:\/\/kirche-in-mayschoss.de\/index.php?rest_route=%2Fwp%2Fv2%2Fmedia&parent=3909"}],"wp:term":[{"taxonomy":"category","embeddable":true,"href":"https:\/\/kirche-in-mayschoss.de\/index.php?rest_route=%2Fwp%2Fv2%2Fcategories&post=3909"},{"taxonomy":"post_tag","embeddable":true,"href":"https:\/\/kirche-in-mayschoss.de\/index.php?rest_route=%2Fwp%2Fv2%2Ftags&post=3909"}],"curies":[{"name":"wp","href":"https:\/\/api.w.org\/{rel}","templated":true}]}}