{"id":3792,"date":"2025-06-22T04:00:03","date_gmt":"2025-06-22T04:00:03","guid":{"rendered":"https:\/\/kirche-in-mayschoss.de\/?p=3792"},"modified":"2025-07-20T07:11:41","modified_gmt":"2025-07-20T07:11:41","slug":"fronleichnam-in-mayschoss-2024","status":"publish","type":"post","link":"https:\/\/kirche-in-mayschoss.de\/?p=3792","title":{"rendered":"Fronleichnam 2025"},"content":{"rendered":"\n<p class=\"has-text-align-center has-normal-font-size\"><strong>Fronleichnam<\/strong><br><strong>Jesus, der gute Hirte<\/strong><\/p>\n\n\n\n<p class=\"has-text-align-center has-normal-font-size\"><em>Kommunion<br>Brot des Lebens<br>Liebesgabe<br>Von Jesus<br>Seinen J\u00fcngern<br>Und auch dir geschenkt<\/em><\/p>\n\n\n\n<p class=\"has-text-align-center\" style=\"font-size:11px\"><em>Theresia Bongarth, In: Pfarrbriefservice<\/em><\/p>\n\n\n\n<div class=\"wp-block-group\"><div class=\"wp-block-group__inner-container is-layout-constrained wp-block-group-is-layout-constrained\">\n<div class=\"wp-block-columns is-layout-flex wp-container-core-columns-is-layout-9d6595d7 wp-block-columns-is-layout-flex\">\n<div class=\"wp-block-column is-layout-flow wp-block-column-is-layout-flow\" style=\"flex-basis:100%\">\n<figure class=\"wp-block-gallery has-nested-images columns-default is-cropped wp-block-gallery-1 is-layout-flex wp-block-gallery-is-layout-flex\">\n<figure class=\"wp-block-image size-large\"><img loading=\"lazy\" decoding=\"async\" width=\"819\" height=\"1024\" data-id=\"4783\" src=\"https:\/\/kirche-in-mayschoss.de\/wp-content\/uploads\/2024\/06\/2025-06-22-Fronleichnam-2-819x1024.jpeg\" alt=\"\" class=\"wp-image-4783\" srcset=\"https:\/\/kirche-in-mayschoss.de\/wp-content\/uploads\/2024\/06\/2025-06-22-Fronleichnam-2-819x1024.jpeg 819w, https:\/\/kirche-in-mayschoss.de\/wp-content\/uploads\/2024\/06\/2025-06-22-Fronleichnam-2-240x300.jpeg 240w, https:\/\/kirche-in-mayschoss.de\/wp-content\/uploads\/2024\/06\/2025-06-22-Fronleichnam-2-768x960.jpeg 768w, https:\/\/kirche-in-mayschoss.de\/wp-content\/uploads\/2024\/06\/2025-06-22-Fronleichnam-2-1229x1536.jpeg 1229w, https:\/\/kirche-in-mayschoss.de\/wp-content\/uploads\/2024\/06\/2025-06-22-Fronleichnam-2-1638x2048.jpeg 1638w, https:\/\/kirche-in-mayschoss.de\/wp-content\/uploads\/2024\/06\/2025-06-22-Fronleichnam-2.jpeg 1843w\" sizes=\"auto, (max-width: 819px) 100vw, 819px\" \/><\/figure>\n\n\n\n<figure class=\"wp-block-image size-large\"><img loading=\"lazy\" decoding=\"async\" width=\"819\" height=\"1024\" data-id=\"4782\" src=\"https:\/\/kirche-in-mayschoss.de\/wp-content\/uploads\/2024\/06\/2025-06-22-Fronleichnam-1-1-819x1024.jpeg\" alt=\"\" class=\"wp-image-4782\" srcset=\"https:\/\/kirche-in-mayschoss.de\/wp-content\/uploads\/2024\/06\/2025-06-22-Fronleichnam-1-1-819x1024.jpeg 819w, https:\/\/kirche-in-mayschoss.de\/wp-content\/uploads\/2024\/06\/2025-06-22-Fronleichnam-1-1-240x300.jpeg 240w, https:\/\/kirche-in-mayschoss.de\/wp-content\/uploads\/2024\/06\/2025-06-22-Fronleichnam-1-1-768x960.jpeg 768w, https:\/\/kirche-in-mayschoss.de\/wp-content\/uploads\/2024\/06\/2025-06-22-Fronleichnam-1-1-1229x1536.jpeg 1229w, https:\/\/kirche-in-mayschoss.de\/wp-content\/uploads\/2024\/06\/2025-06-22-Fronleichnam-1-1-1638x2048.jpeg 1638w, https:\/\/kirche-in-mayschoss.de\/wp-content\/uploads\/2024\/06\/2025-06-22-Fronleichnam-1-1.jpeg 1707w\" sizes=\"auto, (max-width: 819px) 100vw, 819px\" \/><\/figure>\n<\/figure>\n\n\n\n<div class=\"wp-block-columns is-layout-flex wp-container-core-columns-is-layout-9d6595d7 wp-block-columns-is-layout-flex\">\n<div class=\"wp-block-column is-layout-flow wp-block-column-is-layout-flow\" style=\"flex-basis:100%\">\n<div class=\"wp-block-columns is-layout-flex wp-container-core-columns-is-layout-9d6595d7 wp-block-columns-is-layout-flex\">\n<div class=\"wp-block-column is-layout-flow wp-block-column-is-layout-flow\">\n<figure class=\"wp-block-image size-large\"><img loading=\"lazy\" decoding=\"async\" width=\"1024\" height=\"1024\" src=\"http:\/\/kirche-in-mayschoss.de\/wp-content\/uploads\/2024\/06\/2025-06-22-Fronleichnam-3-1024x1024.jpeg\" alt=\"\" class=\"wp-image-4784\" srcset=\"https:\/\/kirche-in-mayschoss.de\/wp-content\/uploads\/2024\/06\/2025-06-22-Fronleichnam-3-1024x1024.jpeg 1024w, https:\/\/kirche-in-mayschoss.de\/wp-content\/uploads\/2024\/06\/2025-06-22-Fronleichnam-3-300x300.jpeg 300w, https:\/\/kirche-in-mayschoss.de\/wp-content\/uploads\/2024\/06\/2025-06-22-Fronleichnam-3-150x150.jpeg 150w, https:\/\/kirche-in-mayschoss.de\/wp-content\/uploads\/2024\/06\/2025-06-22-Fronleichnam-3-768x768.jpeg 768w, https:\/\/kirche-in-mayschoss.de\/wp-content\/uploads\/2024\/06\/2025-06-22-Fronleichnam-3-1536x1536.jpeg 1536w, https:\/\/kirche-in-mayschoss.de\/wp-content\/uploads\/2024\/06\/2025-06-22-Fronleichnam-3-2048x2048.jpeg 2048w\" sizes=\"auto, (max-width: 1024px) 100vw, 1024px\" \/><\/figure>\n<\/div>\n\n\n\n<div class=\"wp-block-column is-layout-flow wp-block-column-is-layout-flow\">\n<figure class=\"wp-block-image size-large\"><img loading=\"lazy\" decoding=\"async\" width=\"1024\" height=\"1024\" src=\"http:\/\/kirche-in-mayschoss.de\/wp-content\/uploads\/2024\/06\/2025-06-22-Fronleichnam-4-1024x1024.jpeg\" alt=\"\" class=\"wp-image-4785\" srcset=\"https:\/\/kirche-in-mayschoss.de\/wp-content\/uploads\/2024\/06\/2025-06-22-Fronleichnam-4-1024x1024.jpeg 1024w, https:\/\/kirche-in-mayschoss.de\/wp-content\/uploads\/2024\/06\/2025-06-22-Fronleichnam-4-300x300.jpeg 300w, https:\/\/kirche-in-mayschoss.de\/wp-content\/uploads\/2024\/06\/2025-06-22-Fronleichnam-4-150x150.jpeg 150w, https:\/\/kirche-in-mayschoss.de\/wp-content\/uploads\/2024\/06\/2025-06-22-Fronleichnam-4-768x768.jpeg 768w, https:\/\/kirche-in-mayschoss.de\/wp-content\/uploads\/2024\/06\/2025-06-22-Fronleichnam-4-1536x1536.jpeg 1536w, https:\/\/kirche-in-mayschoss.de\/wp-content\/uploads\/2024\/06\/2025-06-22-Fronleichnam-4-2048x2048.jpeg 2048w\" sizes=\"auto, (max-width: 1024px) 100vw, 1024px\" \/><\/figure>\n<\/div>\n<\/div>\n<\/div>\n<\/div>\n<\/div>\n<\/div>\n<\/div><\/div>\n\n\n\n<p class=\"has-text-align-center has-normal-font-size\"><br>Gott wieder in den Stra\u00dfen unseres Ortes<br><br><strong>Vielen Dank allen Altarbauern<br>und flei\u00dfigen Helfern<\/strong><br><strong>w\u00e4hrend des Gottesdienstes und der Prozession<\/strong><br><strong>f\u00fcr Euren Einsatz!<\/strong><\/p>\n","protected":false},"excerpt":{"rendered":"<p>FronleichnamJesus, der gute Hirte KommunionBrot des LebensLiebesgabeVon JesusSeinen J\u00fcngernUnd auch dir geschenkt Theresia Bongarth, In: Pfarrbriefservice Gott wieder in den Stra\u00dfen unseres Ortes Vielen Dank allen Altarbauernund flei\u00dfigen Helfernw\u00e4hrend des Gottesdienstes und der Prozessionf\u00fcr Euren Einsatz!<\/p>\n","protected":false},"author":1,"featured_media":0,"comment_status":"closed","ping_status":"closed","sticky":false,"template":"","format":"standard","meta":{"footnotes":""},"categories":[10],"tags":[],"class_list":["post-3792","post","type-post","status-publish","format-standard","hentry","category-aktuelles"],"_links":{"self":[{"href":"https:\/\/kirche-in-mayschoss.de\/index.php?rest_route=\/wp\/v2\/posts\/3792","targetHints":{"allow":["GET"]}}],"collection":[{"href":"https:\/\/kirche-in-mayschoss.de\/index.php?rest_route=\/wp\/v2\/posts"}],"about":[{"href":"https:\/\/kirche-in-mayschoss.de\/index.php?rest_route=\/wp\/v2\/types\/post"}],"author":[{"embeddable":true,"href":"https:\/\/kirche-in-mayschoss.de\/index.php?rest_route=\/wp\/v2\/users\/1"}],"replies":[{"embeddable":true,"href":"https:\/\/kirche-in-mayschoss.de\/index.php?rest_route=%2Fwp%2Fv2%2Fcomments&post=3792"}],"version-history":[{"count":7,"href":"https:\/\/kirche-in-mayschoss.de\/index.php?rest_route=\/wp\/v2\/posts\/3792\/revisions"}],"predecessor-version":[{"id":4824,"href":"https:\/\/kirche-in-mayschoss.de\/index.php?rest_route=\/wp\/v2\/posts\/3792\/revisions\/4824"}],"wp:attachment":[{"href":"https:\/\/kirche-in-mayschoss.de\/index.php?rest_route=%2Fwp%2Fv2%2Fmedia&parent=3792"}],"wp:term":[{"taxonomy":"category","embeddable":true,"href":"https:\/\/kirche-in-mayschoss.de\/index.php?rest_route=%2Fwp%2Fv2%2Fcategories&post=3792"},{"taxonomy":"post_tag","embeddable":true,"href":"https:\/\/kirche-in-mayschoss.de\/index.php?rest_route=%2Fwp%2Fv2%2Ftags&post=3792"}],"curies":[{"name":"wp","href":"https:\/\/api.w.org\/{rel}","templated":true}]}}