{"id":3081,"date":"2025-07-20T03:00:49","date_gmt":"2025-07-20T03:00:49","guid":{"rendered":"https:\/\/kirche-in-mayschoss.de\/?p=3081"},"modified":"2025-09-30T18:38:22","modified_gmt":"2025-09-30T18:38:22","slug":"kaffeeklatsch-fuer-alle-generationen","status":"publish","type":"post","link":"https:\/\/kirche-in-mayschoss.de\/?p=3081","title":{"rendered":"Kaffeeklatsch im Pfarrsaal"},"content":{"rendered":"\n<p class=\"has-text-align-center has-normal-font-size\">Die Mayschosser M\u00f6hnen laden herzlich ein, <br><strong>an jedem 3. Samstag im Monat, <\/strong><br><strong>im Pfarrsaal in Mayscho\u00df, <\/strong><br><strong>ab 15.00 Uhr<\/strong>, <br>zum Kaffeeklatsch f\u00fcr alle Generationen.<\/p>\n\n\n<div class=\"wp-block-image\">\n<figure class=\"aligncenter size-large is-resized\"><img loading=\"lazy\" decoding=\"async\" width=\"1024\" height=\"682\" src=\"https:\/\/kirche-in-mayschoss.de\/wp-content\/uploads\/2023\/07\/Kaffeeklatsch-Mayschosser-Moehnen-cakes-g0c3a0c833_1280-Pixabay-Katja-S.-Verhoeven-1024x682.jpg\" alt=\"\" class=\"wp-image-3084\" style=\"width:376px;height:249px\" srcset=\"https:\/\/kirche-in-mayschoss.de\/wp-content\/uploads\/2023\/07\/Kaffeeklatsch-Mayschosser-Moehnen-cakes-g0c3a0c833_1280-Pixabay-Katja-S.-Verhoeven-1024x682.jpg 1024w, https:\/\/kirche-in-mayschoss.de\/wp-content\/uploads\/2023\/07\/Kaffeeklatsch-Mayschosser-Moehnen-cakes-g0c3a0c833_1280-Pixabay-Katja-S.-Verhoeven-300x200.jpg 300w, https:\/\/kirche-in-mayschoss.de\/wp-content\/uploads\/2023\/07\/Kaffeeklatsch-Mayschosser-Moehnen-cakes-g0c3a0c833_1280-Pixabay-Katja-S.-Verhoeven-768x512.jpg 768w, https:\/\/kirche-in-mayschoss.de\/wp-content\/uploads\/2023\/07\/Kaffeeklatsch-Mayschosser-Moehnen-cakes-g0c3a0c833_1280-Pixabay-Katja-S.-Verhoeven.jpg 1280w\" sizes=\"auto, (max-width: 1024px) 100vw, 1024px\" \/><\/figure>\n<\/div>\n\n\n<p class=\"has-text-align-center has-normal-font-size\">Dazu gibt es einen Hol- und Bringedienst, bitte melden bei:<br>Kornelia B\u00e4cker, Telefon 0151-25851618<br>oder<br>Klaudia Fuhrmann, Telefon 0177-8921029<\/p>\n","protected":false},"excerpt":{"rendered":"<p>Die Mayschosser M\u00f6hnen laden herzlich ein, an jedem 3. Samstag im Monat, im Pfarrsaal in Mayscho\u00df, ab 15.00 Uhr, zum Kaffeeklatsch f\u00fcr alle Generationen. Dazu gibt es einen Hol- und Bringedienst, bitte melden bei:Kornelia B\u00e4cker, Telefon 0151-25851618oderKlaudia Fuhrmann, Telefon 0177-8921029<\/p>\n","protected":false},"author":1,"featured_media":0,"comment_status":"closed","ping_status":"closed","sticky":false,"template":"","format":"standard","meta":{"footnotes":""},"categories":[10],"tags":[],"class_list":["post-3081","post","type-post","status-publish","format-standard","hentry","category-aktuelles"],"_links":{"self":[{"href":"https:\/\/kirche-in-mayschoss.de\/index.php?rest_route=\/wp\/v2\/posts\/3081","targetHints":{"allow":["GET"]}}],"collection":[{"href":"https:\/\/kirche-in-mayschoss.de\/index.php?rest_route=\/wp\/v2\/posts"}],"about":[{"href":"https:\/\/kirche-in-mayschoss.de\/index.php?rest_route=\/wp\/v2\/types\/post"}],"author":[{"embeddable":true,"href":"https:\/\/kirche-in-mayschoss.de\/index.php?rest_route=\/wp\/v2\/users\/1"}],"replies":[{"embeddable":true,"href":"https:\/\/kirche-in-mayschoss.de\/index.php?rest_route=%2Fwp%2Fv2%2Fcomments&post=3081"}],"version-history":[{"count":8,"href":"https:\/\/kirche-in-mayschoss.de\/index.php?rest_route=\/wp\/v2\/posts\/3081\/revisions"}],"predecessor-version":[{"id":4983,"href":"https:\/\/kirche-in-mayschoss.de\/index.php?rest_route=\/wp\/v2\/posts\/3081\/revisions\/4983"}],"wp:attachment":[{"href":"https:\/\/kirche-in-mayschoss.de\/index.php?rest_route=%2Fwp%2Fv2%2Fmedia&parent=3081"}],"wp:term":[{"taxonomy":"category","embeddable":true,"href":"https:\/\/kirche-in-mayschoss.de\/index.php?rest_route=%2Fwp%2Fv2%2Fcategories&post=3081"},{"taxonomy":"post_tag","embeddable":true,"href":"https:\/\/kirche-in-mayschoss.de\/index.php?rest_route=%2Fwp%2Fv2%2Ftags&post=3081"}],"curies":[{"name":"wp","href":"https:\/\/api.w.org\/{rel}","templated":true}]}}